{"id":141,"date":"2021-07-09T18:48:35","date_gmt":"2021-07-09T18:48:35","guid":{"rendered":"https:\/\/gregoire-photographe.fr\/?p=141"},"modified":"2021-07-09T18:48:35","modified_gmt":"2021-07-09T18:48:35","slug":"photographes-celebres-mon-top-10","status":"publish","type":"post","link":"https:\/\/gregoire-photographe.fr\/?p=141","title":{"rendered":"Photographes c\u00e9l\u00e8bres : mon top 10"},"content":{"rendered":"\n<p>Comme tout bon photographe je passe mon temps \u00e0 admirer les \u0153uvres des plus grands.&nbsp;C\u2019est une source d\u2019inspiration sans limite. Je vous livre ici les photographes qui m\u2019ont le plus marqu\u00e9 ces derni\u00e8res ann\u00e9es.<\/p>\n\n\n\n<h2 class=\"wp-block-heading\">Introduction&nbsp;: photographe connu mais pas forc\u00e9ment c\u00e9l\u00e8bre&nbsp;!<\/h2>\n\n\n\n<p>Il y a tellement de photographes connus qui m\u2019inspirent que j\u2019ai d\u00fb faire des choix pour en s\u00e9lectionner 10 et vous raconter un bout de leur histoire, mais surtout ce qu\u2019ils m\u2019apportent dans ma pratique ou dans leur approche.<\/p>\n\n\n\n<p>Cette liste ne contient pas que des&nbsp;<strong>photographes c\u00e9l\u00e8bres<\/strong>&nbsp;internationalement, mais compose \u00e9galement avec des photographes de mariages, de mode, ou encore sp\u00e9cialis\u00e9s sur des th\u00e8mes plus marginaux comme l\u2019urbex (Urbex pour \u00ab&nbsp;urban exploration&nbsp;\u00bb, autrement dit l\u2019art de faire des photos dans tout type de lieux abandonn\u00e9s NDLR).<\/p>\n\n\n\n<p>Ils ne sont pas tous c\u00e9l\u00e8bres mais ils photographient avec sinc\u00e9rit\u00e9, c\u2019est ce qui me plait le plus dans l\u2019approche d\u2019un photographe. Ils ne cherchent pas forcement le super traitement ou le preset \u00ab&nbsp;de la mort qui tue&nbsp;\u00bb mais essaieent de retranscrire un moment, une \u00e9motion \u00e0 travers une s\u00e9rie photo par exemple. Peut-\u00eatre que vous en connaissez certains, d\u2019autres moins \u2026 Mais une chose est s\u00fbre, ils ne m\u2019ont pas laiss\u00e9 indiff\u00e9rent !<\/p>\n\n\n\n<p>Les photos en illustration sont celles des photographes cit\u00e9s pas les miennes ! D\u2019autre part, je n\u2019ai pas mis les liens des diff\u00e9rents sites de photographes et une petite recherche Google s\u2019imposera pour les plus curieux.<\/p>\n\n\n\n<hr class=\"wp-block-separator\"\/>\n\n\n\n<div class=\"wp-block-image\"><figure class=\"aligncenter size-large\"><img decoding=\"async\" src=\"data:image\/svg+xml,%3Csvg%20xmlns='http:\/\/www.w3.org\/2000\/svg'%20viewBox='0%200%20370%20247'%3E%3C\/svg%3E\" data-lazy-src=\"https:\/\/gregoire-photographe.fr\/wp-content\/uploads\/2021\/07\/Sebastiao-Salgado-1024x651.jpg\" alt=\"\" class=\"zeen-lazy-load-base zeen-lazy-load wp-image-143\"\/><noscript><img decoding=\"async\" width=\"1024\" height=\"651\" src=\"https:\/\/gregoire-photographe.fr\/wp-content\/uploads\/2021\/07\/Sebastiao-Salgado-1024x651.jpg\" alt=\"\" class=\"wp-image-143\" srcset=\"https:\/\/gregoire-photographe.fr\/wp-content\/uploads\/2021\/07\/Sebastiao-Salgado-1024x651.jpg 1024w, https:\/\/gregoire-photographe.fr\/wp-content\/uploads\/2021\/07\/Sebastiao-Salgado-300x191.jpg 300w, https:\/\/gregoire-photographe.fr\/wp-content\/uploads\/2021\/07\/Sebastiao-Salgado-768x489.jpg 768w, https:\/\/gregoire-photographe.fr\/wp-content\/uploads\/2021\/07\/Sebastiao-Salgado.jpg 1506w\" sizes=\"(max-width: 1024px) 100vw, 1024px\" \/><\/noscript><\/figure><\/div>\n\n\n\n<h3 class=\"wp-block-heading\">Sebastiao Salgado<strong><\/strong><\/h3>\n\n\n\n<p>Je me souviens de la premi\u00e8re fois o\u00f9 j\u2019ai eu son livre \u00ab&nbsp;Genesis&nbsp;\u00bb dans les mains dans une grande librairie Bordelaise&nbsp;: ce livre massif est une vraie claque \u00e0 chaque page tourn\u00e9e. Il y a une telle intensit\u00e9 dans les compositions et dans la recherche des endroits. C\u2019est juste incroyable !<\/p>\n\n\n\n<p>Pour faire ce livre, Salgado a parcouru plus de 30 pays sur pr\u00e8s de 8 ans pour r\u00e9aliser ce chef d\u2019\u0153uvre. Evidemment Salgado est un photographe connu depuis bien longtemps avec des livres comme \u00ab&nbsp;la main de l\u2019homme&nbsp;\u00bb (1993) ou encore \u00ab&nbsp;exodes&nbsp;\u00bb (2000) qui racontent tous les d\u00e9gradations de l\u2019environnement mais aussi les catastrophes naturelles.<\/p>\n\n\n\n<p>Je pense que \u00ab&nbsp;Genesis&nbsp;\u00bb est probablement une des meilleures \u0153uvres qu\u2019il ait faites, de l\u00e0 \u00e0 dire un des livres les plus spectaculaires de ces derni\u00e8res ann\u00e9es je vous laisse me donner votre avis dans les commentaires. Pour ma part, je pense que oui !<\/p>\n\n\n\n<p>Le travail sur le noir et blanc avec le grain particulier des fameuses pellicules Kodak tri -x font de Sebastiao Salgado un&nbsp;<strong>photographe c\u00e9l\u00e8bre<\/strong>&nbsp;dans le monde entier mais surtout un de mes photographes favoris. Si vous n\u2019avez pas \u00ab&nbsp;Genesis&nbsp;\u00bb dans votre biblioth\u00e8que, courrez chez votre libraire le plus proche !<\/p>\n\n\n\n<p>Il milite aussi pour l\u2019\u00e9cologie comme beaucoup de photographes narrateurs des changements climatiques. Il collabore avec sa femme L\u00e9lia qui r\u00e9alise la mise en page des livres et g\u00e8re la partie commerciale.<\/p>\n\n\n\n<hr class=\"wp-block-separator\"\/>\n\n\n\n<div class=\"wp-block-image\"><figure class=\"aligncenter size-large\"><img decoding=\"async\" src=\"data:image\/svg+xml,%3Csvg%20xmlns='http:\/\/www.w3.org\/2000\/svg'%20viewBox='0%200%20370%20247'%3E%3C\/svg%3E\" data-lazy-src=\"https:\/\/gregoire-photographe.fr\/wp-content\/uploads\/2021\/07\/Ansel-Adams-Yosemite-1024x683.jpg\" alt=\"\" class=\"zeen-lazy-load-base zeen-lazy-load wp-image-144\"\/><noscript><img decoding=\"async\" width=\"1024\" height=\"683\" src=\"https:\/\/gregoire-photographe.fr\/wp-content\/uploads\/2021\/07\/Ansel-Adams-Yosemite-1024x683.jpg\" alt=\"\" class=\"wp-image-144\" srcset=\"https:\/\/gregoire-photographe.fr\/wp-content\/uploads\/2021\/07\/Ansel-Adams-Yosemite-1024x683.jpg 1024w, https:\/\/gregoire-photographe.fr\/wp-content\/uploads\/2021\/07\/Ansel-Adams-Yosemite-300x200.jpg 300w, https:\/\/gregoire-photographe.fr\/wp-content\/uploads\/2021\/07\/Ansel-Adams-Yosemite-768x512.jpg 768w, https:\/\/gregoire-photographe.fr\/wp-content\/uploads\/2021\/07\/Ansel-Adams-Yosemite.jpg 1200w\" sizes=\"(max-width: 1024px) 100vw, 1024px\" \/><\/noscript><\/figure><\/div>\n\n\n\n<h3 class=\"wp-block-heading\">Ansel Adams<\/h3>\n\n\n\n<p>Qui ne connait pas le c\u00e9l\u00e8bre photographe du Yosemite ?<\/p>\n\n\n\n<p>Ansel Adam est un grand photographe du XX<sup>\u00e8me <\/sup>si\u00e8cle. Il ne fait que du noir et blanc \u00e0 la chambre photographique et ses compositions les plus c\u00e9l\u00e8bres trouvent leur source dans la sierra Nevada ou sur le c\u00e9l\u00e8bre El capitan (dans le Yosemite). Elles ont fait de lui un photographe renomm\u00e9 qui a influenc\u00e9 des photographes comme Sebastiao Salgado et bien d\u2019autres encore.<\/p>\n\n\n\n<p>Ansel Adams a produit bon nombre de photographies de l\u2019ouest am\u00e9ricain avec des panoramas \u00e0 couper le souffle. Malheureusement d\u00e9c\u00e9d\u00e9 en 1984, il \u00e9tait son propre \u00e9diteur de photo puisqu\u2019il faisait&nbsp;les tirages photos lui-m\u00eame dans son laboratoire. Il a publi\u00e9 bon nombre de livres sur la technique photo et certains se rappellent encore de lui \u00e0 faire des photos sur le toit de sa voiture quelque part au milieu du parc national du Yosemite.<\/p>\n\n\n\n<p>Il est en quelque sorte le pionnier des photos modernes avec sa technique du \u00ab\u00a0zone system\u00a0\u00bb. Il a aussi fond\u00e9 le club f\/64 avec quelques amis (fermeture maximale pour avoir une profondeur de champ la plus \u00e9tendue possible). Il est maintenant un\u00a0<strong>photographe c\u00e9l\u00e8bre<\/strong>\u00a0pour faire partie du patrimoine photographique du paysage ouest am\u00e9ricain.<\/p>\n\n\n\n<p>Plonger dans les photos Ansel Adams c\u2019est vivre dans l\u2019ouest am\u00e9ricain, un go\u00fbt pour la composition soign\u00e9e, un go\u00fbt pour les choses simples mais efficaces, bref Ansel Adams est un ma\u00eetre pour les photographes de paysage.<\/p>\n\n\n\n<hr class=\"wp-block-separator\"\/>\n\n\n\n<div class=\"wp-block-image\"><figure class=\"aligncenter size-large\"><img decoding=\"async\" src=\"data:image\/svg+xml,%3Csvg%20xmlns='http:\/\/www.w3.org\/2000\/svg'%20viewBox='0%200%20370%20247'%3E%3C\/svg%3E\" data-lazy-src=\"https:\/\/gregoire-photographe.fr\/wp-content\/uploads\/2021\/07\/Vincent-Munier-1-1024x486.jpg\" alt=\"\" class=\"zeen-lazy-load-base zeen-lazy-load wp-image-146\"\/><noscript><img decoding=\"async\" width=\"1024\" height=\"486\" src=\"https:\/\/gregoire-photographe.fr\/wp-content\/uploads\/2021\/07\/Vincent-Munier-1-1024x486.jpg\" alt=\"\" class=\"wp-image-146\" srcset=\"https:\/\/gregoire-photographe.fr\/wp-content\/uploads\/2021\/07\/Vincent-Munier-1-1024x486.jpg 1024w, https:\/\/gregoire-photographe.fr\/wp-content\/uploads\/2021\/07\/Vincent-Munier-1-300x142.jpg 300w, https:\/\/gregoire-photographe.fr\/wp-content\/uploads\/2021\/07\/Vincent-Munier-1-768x364.jpg 768w, https:\/\/gregoire-photographe.fr\/wp-content\/uploads\/2021\/07\/Vincent-Munier-1.jpg 1440w\" sizes=\"(max-width: 1024px) 100vw, 1024px\" \/><\/noscript><\/figure><\/div>\n\n\n\n<h3 class=\"wp-block-heading\">Vincent Munier<\/h3>\n\n\n\n<p>Je suis, comme beaucoup de photographes, amoureux de la nature et Vincent Munier ne fait pas exception \u00e0 la r\u00e8gle car c\u2019est un&nbsp;<strong>photographe c\u00e9l\u00e8bre&nbsp;<\/strong>pour ses clich\u00e9s pris dans les endroits les plus froids de la plan\u00e8te. Ce fran\u00e7ais d\u2019Epinal est \u00ab&nbsp;wildlife photographer&nbsp;\u00bb comprenez par-l\u00e0 \u00ab&nbsp;photographe de la vie sauvage&nbsp;\u00bb. Il a notamment gagn\u00e9 de nombreux prix tels que le \u00ab&nbsp;BBC Wildlife photographer of the year&nbsp;\u00bb trois fois de suite au d\u00e9but des ann\u00e9es 2000, rien que \u00e7a !<\/p>\n\n\n\n<p>Je me souviens de son livre \u00ab&nbsp;arctique&nbsp;\u00bb, un coffret blanc sobre mais avec des photos splendides prises dans des conditions souvent dantesques ! Je ne suis pas un photographe animalier mais j\u2019aime la nature et l\u2019\u0153uvre de Vincent Munier est juste exceptionnelle.<\/p>\n\n\n\n<p>Vincent est souvent en mission pour Nikon afin de tester le mat\u00e9riel dans des conditions extr\u00eames, autant vous dire que les ing\u00e9nieurs nippons sont servis puisque Vincent ne fait quasiment que des photos en conditions hivernales. Vincent poss\u00e8de \u00e9galement sa propre maison d\u2019\u00e9dition \u00ab\u00a0kobalann\u00a0\u00bb qui \u00e9dite tous ses livres photos.<\/p>\n\n\n\n<hr class=\"wp-block-separator\"\/>\n\n\n\n<div class=\"wp-block-image\"><figure class=\"aligncenter size-full\"><img decoding=\"async\" src=\"data:image\/svg+xml,%3Csvg%20xmlns='http:\/\/www.w3.org\/2000\/svg'%20viewBox='0%200%20370%20247'%3E%3C\/svg%3E\" data-lazy-src=\"https:\/\/gregoire-photographe.fr\/wp-content\/uploads\/2021\/07\/Peter-Lindbergh.jpg\" alt=\"\" class=\"zeen-lazy-load-base zeen-lazy-load wp-image-147\"\/><noscript><img decoding=\"async\" width=\"920\" height=\"560\" src=\"https:\/\/gregoire-photographe.fr\/wp-content\/uploads\/2021\/07\/Peter-Lindbergh.jpg\" alt=\"\" class=\"wp-image-147\" srcset=\"https:\/\/gregoire-photographe.fr\/wp-content\/uploads\/2021\/07\/Peter-Lindbergh.jpg 920w, https:\/\/gregoire-photographe.fr\/wp-content\/uploads\/2021\/07\/Peter-Lindbergh-300x183.jpg 300w, https:\/\/gregoire-photographe.fr\/wp-content\/uploads\/2021\/07\/Peter-Lindbergh-768x467.jpg 768w\" sizes=\"(max-width: 920px) 100vw, 920px\" \/><\/noscript><\/figure><\/div>\n\n\n\n<h3 class=\"wp-block-heading\">Peter Lindbergh<\/h3>\n\n\n\n<p>Peter Lindbergh est un&nbsp;<strong>photographe connu<\/strong>&nbsp;dans le domaine de la mode, il a photographi\u00e9 les plus grands mod\u00e8les de la plan\u00e8te comme Kate Moss, Naomi Campbell ou encore Cindy Crawford en passant par des acteurs et actrices tels Brad Pitt et Uma Thurman ou encore le groupe \u00e9lectro Daft Punk. Il a \u00e9galement fait la couverture des plus grands magazines de mode comme Vogue en passant par le magazine Life.<\/p>\n\n\n\n<p>Depuis pr\u00e8s de quarante ans, Peter Lindbergh est un&nbsp;<strong>photographe c\u00e9l\u00e8bre de mode<\/strong>, reconnu pour ses photos de mode en noir et blanc. Sa gestion de la lumi\u00e8re et les portraits qu\u2019il est capable de faire sont une source d\u2019inspiration pour moi.<\/p>\n\n\n\n<p>Dans son livre \u00ab&nbsp;A different way on fashion photography&nbsp;\u00bb, il compile ses meilleurs clich\u00e9s et c\u2019est une v\u00e9ritable claque pour tout bon portraitiste qui se respecte. Les noirs et blancs sont d\u2019une puret\u00e9 incroyable avec une attitude des mod\u00e8les que je vois rarement ailleurs ! Paradoxalement il a d\u2019ailleurs fui les fashion weeks et pr\u00e9f\u00e8re se tenir \u00e0 l\u2019\u00e9cart des tendances pour continuer \u00e0 rester cr\u00e9atif.<\/p>\n\n\n\n<p>Si vous faites des s\u00e9ances photos avec des mod\u00e8les vous devriez jeter un \u0153il \u00e0 l\u2019\u0153uvre de Peter Lindbergh (si ce n\u2019est pas d\u00e9j\u00e0 fait), vous ne serez pas d\u00e9\u00e7u du voyage ! Il est tout simplement le meilleur photographe de mode toujours en activit\u00e9 et cela depuis 40 ans.<\/p>\n\n\n\n<hr class=\"wp-block-separator\"\/>\n\n\n\n<div class=\"wp-block-image\"><figure class=\"aligncenter size-full\"><img decoding=\"async\" src=\"data:image\/svg+xml,%3Csvg%20xmlns='http:\/\/www.w3.org\/2000\/svg'%20viewBox='0%200%20370%20247'%3E%3C\/svg%3E\" data-lazy-src=\"https:\/\/gregoire-photographe.fr\/wp-content\/uploads\/2021\/07\/Thomas-Jorion.jpg\" alt=\"\" class=\"zeen-lazy-load-base zeen-lazy-load wp-image-148\"\/><noscript><img decoding=\"async\" width=\"1024\" height=\"853\" src=\"https:\/\/gregoire-photographe.fr\/wp-content\/uploads\/2021\/07\/Thomas-Jorion.jpg\" alt=\"\" class=\"wp-image-148\" srcset=\"https:\/\/gregoire-photographe.fr\/wp-content\/uploads\/2021\/07\/Thomas-Jorion.jpg 1024w, https:\/\/gregoire-photographe.fr\/wp-content\/uploads\/2021\/07\/Thomas-Jorion-300x250.jpg 300w, https:\/\/gregoire-photographe.fr\/wp-content\/uploads\/2021\/07\/Thomas-Jorion-768x640.jpg 768w\" sizes=\"(max-width: 1024px) 100vw, 1024px\" \/><\/noscript><\/figure><\/div>\n\n\n\n<h3 class=\"wp-block-heading\">Thomas Jorion<\/h3>\n\n\n\n<p>Thomas est un photographe fran\u00e7ais qui a la particularit\u00e9 de shooter des lieux abandonn\u00e9s \u00e0 la chambre photographique, vous savez les appareils photos de l\u2019\u00e9poque avec le gros soufflet noir.<\/p>\n\n\n\n<p>Thomas est un&nbsp;<strong>photographe c\u00e9l\u00e8bre<\/strong>&nbsp;pour son livre \u00ab&nbsp;Silencio&nbsp;\u00bb, recueil de ses voyages dans le monde entier pour d\u00e9nicher des friches industrielles ou des palaces abandonn\u00e9s. Il a sorti un autre livre depuis \u00ab&nbsp;vestige de l\u2019empire&nbsp;\u00bb qui raconte l\u2019histoire de la colonisation fran\u00e7aise surtout vers La Guyane, Madagascar, l\u2019Inde ou le S\u00e9n\u00e9gal.<\/p>\n\n\n\n<p>Ce parisien est constamment \u00e0 la recherche de nouveaux spots, d\u2019ailleurs pour avoir fait moi-m\u00eame un peu d\u2019Urbex, les spots sont rares et il faut souvent marcher longtemps pour s\u2019apercevoir qu\u2019un spot reconnu est d\u00e9moli ou inaccessible.<\/p>\n\n\n\n<p>Thomas est donc pers\u00e9v\u00e9rant et nous r\u00e9gale avec des compositions sombres mais \u00e9l\u00e9gantes, toujours en couleur mais avec le piqu\u00e9 si particulier des chambres photographiques. Je recommande !<\/p>\n\n\n\n<hr class=\"wp-block-separator\"\/>\n\n\n\n<div class=\"wp-block-image\"><figure class=\"aligncenter size-large\"><img decoding=\"async\" src=\"data:image\/svg+xml,%3Csvg%20xmlns='http:\/\/www.w3.org\/2000\/svg'%20viewBox='0%200%20370%20247'%3E%3C\/svg%3E\" data-lazy-src=\"https:\/\/gregoire-photographe.fr\/wp-content\/uploads\/2021\/07\/Marko-Marinkovic-1024x640.jpg\" alt=\"\" class=\"zeen-lazy-load-base zeen-lazy-load wp-image-149\"\/><noscript><img decoding=\"async\" width=\"1024\" height=\"640\" src=\"https:\/\/gregoire-photographe.fr\/wp-content\/uploads\/2021\/07\/Marko-Marinkovic-1024x640.jpg\" alt=\"\" class=\"wp-image-149\" srcset=\"https:\/\/gregoire-photographe.fr\/wp-content\/uploads\/2021\/07\/Marko-Marinkovic-1024x640.jpg 1024w, https:\/\/gregoire-photographe.fr\/wp-content\/uploads\/2021\/07\/Marko-Marinkovic-300x188.jpg 300w, https:\/\/gregoire-photographe.fr\/wp-content\/uploads\/2021\/07\/Marko-Marinkovic-768x480.jpg 768w, https:\/\/gregoire-photographe.fr\/wp-content\/uploads\/2021\/07\/Marko-Marinkovic-1536x960.jpg 1536w, https:\/\/gregoire-photographe.fr\/wp-content\/uploads\/2021\/07\/Marko-Marinkovic-1568x980.jpg 1568w, https:\/\/gregoire-photographe.fr\/wp-content\/uploads\/2021\/07\/Marko-Marinkovic.jpg 1920w\" sizes=\"(max-width: 1024px) 100vw, 1024px\" \/><\/noscript><\/figure><\/div>\n\n\n\n<h3 class=\"wp-block-heading\">Marko Marinkovic<\/h3>\n\n\n\n<p>Marko Marinkovic est un&nbsp;<strong>c\u00e9l\u00e8bre photographe de mariage<\/strong>&nbsp;croate mais pas n\u2019importe lequel&nbsp;: il est carr\u00e9ment ambassadeur Nikon.<\/p>\n\n\n\n<p>Oui, Marko est une exception dans la photo de mariage qui est souvent d\u00e9cri\u00e9e dans le monde de la photo, m\u00eame si les mentalit\u00e9s \u00e9voluent. Marko ne suit pas les modes mais pr\u00e9f\u00e8re shooter avec ses deux D750.<\/p>\n\n\n\n<p>Dans le jargon de la photo de mariage on dit qu\u2019il est \u00ab&nbsp;destination wedding photographer&nbsp;\u00bb, c\u2019est \u00e0 dire qu\u2019il voyage partout dans le monde pour shooter des mariages toujours plus fous les uns que les autres. D&nbsp;\u2018ailleurs, il suffit de voir son blog pour se rendre compte \u00e0 quel point il est cr\u00e9atif.<\/p>\n\n\n\n<p>Son style est toujours bas\u00e9 sur le reportage mais il est devenu un photographe c\u00e9l\u00e8bre pour les effets tilt shift. Vous savez, le fameux effet miniature gr\u00e2ce aux objectifs \u00e0 bascule. Bref, un vrai r\u00e9gal pour les yeux et une vraie bonne source d\u2019inspiration pour moi qui couvre aussi des mariages.<\/p>\n\n\n\n<hr class=\"wp-block-separator\"\/>\n\n\n\n<div class=\"wp-block-image\"><figure class=\"aligncenter size-large\"><img decoding=\"async\" src=\"data:image\/svg+xml,%3Csvg%20xmlns='http:\/\/www.w3.org\/2000\/svg'%20viewBox='0%200%20370%20247'%3E%3C\/svg%3E\" data-lazy-src=\"https:\/\/gregoire-photographe.fr\/wp-content\/uploads\/2021\/07\/Mark-Pacura-1024x550.jpg\" alt=\"\" class=\"zeen-lazy-load-base zeen-lazy-load wp-image-150\"\/><noscript><img decoding=\"async\" width=\"1024\" height=\"550\" src=\"https:\/\/gregoire-photographe.fr\/wp-content\/uploads\/2021\/07\/Mark-Pacura-1024x550.jpg\" alt=\"\" class=\"wp-image-150\" srcset=\"https:\/\/gregoire-photographe.fr\/wp-content\/uploads\/2021\/07\/Mark-Pacura-1024x550.jpg 1024w, https:\/\/gregoire-photographe.fr\/wp-content\/uploads\/2021\/07\/Mark-Pacura-300x161.jpg 300w, https:\/\/gregoire-photographe.fr\/wp-content\/uploads\/2021\/07\/Mark-Pacura-768x413.jpg 768w, https:\/\/gregoire-photographe.fr\/wp-content\/uploads\/2021\/07\/Mark-Pacura-1536x826.jpg 1536w, https:\/\/gregoire-photographe.fr\/wp-content\/uploads\/2021\/07\/Mark-Pacura-1568x843.jpg 1568w, https:\/\/gregoire-photographe.fr\/wp-content\/uploads\/2021\/07\/Mark-Pacura.jpg 2000w\" sizes=\"(max-width: 1024px) 100vw, 1024px\" \/><\/noscript><\/figure><\/div>\n\n\n\n<h3 class=\"wp-block-heading\">Mark Pacura<\/h3>\n\n\n\n<p>Mark est lui aussi \u00ab&nbsp;destination wedding photographer&nbsp;\u00bb, il parcourt le monde entier pour shooter les mari\u00e9s. Son style est inimitable entre la nature, les \u00e9motions et l\u2019uniformit\u00e9 du traitement des photos. C\u2019est une vraie grande r\u00e9f\u00e9rence dans le monde de la photographie de mariage.<\/p>\n\n\n\n<p>Il a aussi fond\u00e9 Wooden Banana Store pour faire des packagings ultra sympas pour les clients de photographes de mariages.<\/p>\n\n\n\n<p>Je le suis sur Instagram depuis quelques temps d\u00e9j\u00e0 et sa constance dans le r\u00e9sultat final de ses images est pour moi une r\u00e9f\u00e9rence dans le milieu du mariage. Son style est \u00e0 l\u2019oppos\u00e9 de ce qu\u2019on appelle le fine art (comme Jos\u00e9 Villa, par exemple), lorgnant plut\u00f4t dans un vintage sombre, j\u2019adore !<\/p>\n\n\n\n<hr class=\"wp-block-separator\"\/>\n\n\n\n<div class=\"wp-block-image\"><figure class=\"aligncenter size-large\"><img decoding=\"async\" src=\"data:image\/svg+xml,%3Csvg%20xmlns='http:\/\/www.w3.org\/2000\/svg'%20viewBox='0%200%20370%20247'%3E%3C\/svg%3E\" data-lazy-src=\"https:\/\/gregoire-photographe.fr\/wp-content\/uploads\/2021\/07\/Daniel-Ernst-1024x682.jpg\" alt=\"\" class=\"zeen-lazy-load-base zeen-lazy-load wp-image-151\"\/><noscript><img decoding=\"async\" width=\"1024\" height=\"682\" src=\"https:\/\/gregoire-photographe.fr\/wp-content\/uploads\/2021\/07\/Daniel-Ernst-1024x682.jpg\" alt=\"\" class=\"wp-image-151\" srcset=\"https:\/\/gregoire-photographe.fr\/wp-content\/uploads\/2021\/07\/Daniel-Ernst-1024x682.jpg 1024w, https:\/\/gregoire-photographe.fr\/wp-content\/uploads\/2021\/07\/Daniel-Ernst-300x200.jpg 300w, https:\/\/gregoire-photographe.fr\/wp-content\/uploads\/2021\/07\/Daniel-Ernst-768x511.jpg 768w, https:\/\/gregoire-photographe.fr\/wp-content\/uploads\/2021\/07\/Daniel-Ernst.jpg 1440w\" sizes=\"(max-width: 1024px) 100vw, 1024px\" \/><\/noscript><\/figure><\/div>\n\n\n\n<h3 class=\"wp-block-heading\">Daniel Ernst<\/h3>\n\n\n\n<p>Je suis Daniel sur Instagram, il fait partie des \u00ab&nbsp;German Roamers&nbsp;\u00bb, un consortium de cr\u00e9ateurs pr\u00e9sentant leurs endroits pr\u00e9f\u00e9r\u00e9s en Allemagne et dans le reste du monde.<\/p>\n\n\n\n<p>Daniel n\u2019est pas connu du grand public, mais j\u2019aime ses compositions, son go\u00fbt pour la nature et sa simplicit\u00e9. Il collabore r\u00e9guli\u00e8rement avec Natg\u00e9o ou des agences de tourisme, preuve que son travail commence \u00e0 porter ses fruits.<\/p>\n\n\n\n<p>Ce photographe voyageur est connu pour son go\u00fbt de l\u2019aventure, il ne rechigne jamais \u00e0 faire des s\u00e9ries de photos toujours plus spectaculaires. Je vous conseille d\u2019aller voir son travail sur Instagram.<\/p>\n\n\n\n<p>Cet explorateur Allemand est donc c\u00e9l\u00e8bre pour ses photos de paysages partout dans le monde. Son lifestyle, loin de la vie citadine malgr\u00e9 son jeune \u00e2ge (27 ans) fait de lui une r\u00e9f\u00e9rence internationale, mais aussi une potentielle star montante gr\u00e2ce, notamment, \u00e0 un portfolio d\u00e9j\u00e0 bien fourni !<\/p>\n\n\n\n<hr class=\"wp-block-separator\"\/>\n\n\n\n<div class=\"wp-block-image\"><figure class=\"aligncenter size-large\"><img decoding=\"async\" src=\"data:image\/svg+xml,%3Csvg%20xmlns='http:\/\/www.w3.org\/2000\/svg'%20viewBox='0%200%20370%20247'%3E%3C\/svg%3E\" data-lazy-src=\"https:\/\/gregoire-photographe.fr\/wp-content\/uploads\/2021\/07\/vivian_maier-1024x576.jpg\" alt=\"\" class=\"zeen-lazy-load-base zeen-lazy-load wp-image-142\"\/><noscript><img decoding=\"async\" width=\"1024\" height=\"576\" src=\"https:\/\/gregoire-photographe.fr\/wp-content\/uploads\/2021\/07\/vivian_maier-1024x576.jpg\" alt=\"\" class=\"wp-image-142\" srcset=\"https:\/\/gregoire-photographe.fr\/wp-content\/uploads\/2021\/07\/vivian_maier-1024x576.jpg 1024w, https:\/\/gregoire-photographe.fr\/wp-content\/uploads\/2021\/07\/vivian_maier-300x169.jpg 300w, https:\/\/gregoire-photographe.fr\/wp-content\/uploads\/2021\/07\/vivian_maier-768x432.jpg 768w, https:\/\/gregoire-photographe.fr\/wp-content\/uploads\/2021\/07\/vivian_maier.jpg 1280w\" sizes=\"(max-width: 1024px) 100vw, 1024px\" \/><\/noscript><\/figure><\/div>\n\n\n\n<h3 class=\"wp-block-heading\">Vivian Maier<strong><\/strong><\/h3>\n\n\n\n<p>Vivian Maier est une&nbsp;<strong>c\u00e9l\u00e8bre&nbsp;photographe <\/strong>de photo de rue avec une histoire hors du commun puisque cette photographe a connu la gloire \u00e0 titre posthume&nbsp;!<\/p>\n\n\n\n<p>Lorsque Jhon Maloof met la main sur les 120 000 n\u00e9gatifs de photographie de rue, c\u2019est par pur hasard en achetant un box mis aux ench\u00e8res avec tout un tas d\u2019affaire. John avait besoin de photos de Portage Park \u00e0 Chicago pour illustrer un livre mais il n\u2019en trouva pas. Il ne le savait pas, mais la vieille dame (Vivian Maier) alors \u00e2g\u00e9e de 83 ans, \u00e9tait hospitalis\u00e9e et d\u00e9c\u00e9da quelques jours avant que John Maloof trouve son nom au milieu des cartons en sa possession.<\/p>\n\n\n\n<p>John finit par publier \u00ab&nbsp;Vivian Maier, Street Photographer&nbsp;\u00bb et re\u00e7oit par la suite de nombreux articles dans la presse am\u00e9ricaine dont une dans le Wall Street Journal \u00ab&nbsp;The Nanny\u2019s secret&nbsp;\u00bb (secret de nounou) car, oui, Vivian faisait des photos apr\u00e8s son travail de garde d\u2019enfants. On parle bien d\u2019une nounou qui faisait des photos anonymement dans son coin.<\/p>\n\n\n\n<p>Vivian Maier est une&nbsp;<strong>photographe c\u00e9l\u00e8bre<\/strong>&nbsp;pour \u00eatre aussi tr\u00e8s prolifique mais sans jamais avoir fait de tirage de son vivant. Elle photographiait \u00ab&nbsp;avec le coeur&nbsp;\u00bb de son f\u00e9tiche Rolleiflex (argentique), c\u00e9l\u00e8bre pour avoir un viseur sur le dessus (et donc l\u2019appareil au niveau du coeur).<\/p>\n\n\n\n<p>Les photos de Vivian Maier sont absolument saisissantes, c\u2019est le reflet de l\u2019Am\u00e9rique des ann\u00e9es 60\/70, elle photographiait les gens dans la rue, les passants. Toutes les images de Vivian sont en noir et blanc et au format carr\u00e9 puisque son Rolleiflex f\u00e9tiche est un moyen format 6\u00d76 qui rajoute une touche de sinc\u00e9rit\u00e9 aux images de la c\u00e9l\u00e8bre photographe.<\/p>\n\n\n\n<p>Cette street photographe, la plus c\u00e9l\u00e8bre du XX<sup>\u00e8me<\/sup> si\u00e8cle, et une vraie mine d\u2019or pour John Maloof qui n\u2019a pas fini de num\u00e9riser les 120 000 photos de Vivian Maier et des rues de Chicago !<\/p>\n\n\n\n<hr class=\"wp-block-separator\"\/>\n\n\n\n<div class=\"wp-block-image\"><figure class=\"aligncenter size-large\"><img decoding=\"async\" src=\"data:image\/svg+xml,%3Csvg%20xmlns='http:\/\/www.w3.org\/2000\/svg'%20viewBox='0%200%20370%20247'%3E%3C\/svg%3E\" data-lazy-src=\"https:\/\/gregoire-photographe.fr\/wp-content\/uploads\/2021\/07\/Sebastien-Roignant-1024x683.jpg\" alt=\"\" class=\"zeen-lazy-load-base zeen-lazy-load wp-image-152\"\/><noscript><img decoding=\"async\" width=\"1024\" height=\"683\" src=\"https:\/\/gregoire-photographe.fr\/wp-content\/uploads\/2021\/07\/Sebastien-Roignant-1024x683.jpg\" alt=\"\" class=\"wp-image-152\" srcset=\"https:\/\/gregoire-photographe.fr\/wp-content\/uploads\/2021\/07\/Sebastien-Roignant-1024x683.jpg 1024w, https:\/\/gregoire-photographe.fr\/wp-content\/uploads\/2021\/07\/Sebastien-Roignant-300x200.jpg 300w, https:\/\/gregoire-photographe.fr\/wp-content\/uploads\/2021\/07\/Sebastien-Roignant-768x512.jpg 768w, https:\/\/gregoire-photographe.fr\/wp-content\/uploads\/2021\/07\/Sebastien-Roignant.jpg 1200w\" sizes=\"(max-width: 1024px) 100vw, 1024px\" \/><\/noscript><\/figure><\/div>\n\n\n\n<h3 class=\"wp-block-heading\">Et le dernier photographe connu\u2026 <\/h3>\n\n\n\n<p>Pour le dixi\u00e8me photographe j\u2019avais envie de rendre hommage aux youtubers comme S\u00e9bastien Roignant, Arnaud Thierry ou Blaize Fiedler.&nbsp; Il y en a d\u2019autres, mais ceux-l\u00e0 font partie des photographes connus du grand public puisqu\u2019ils publient tr\u00e8s r\u00e9guli\u00e8rement du contenu gratuit en plus de leurs formations.<\/p>\n\n\n\n<p>C\u2019est gr\u00e2ce \u00e0 eux que j\u2019ai pu, en partie, progresser en photo et je pense ne pas \u00eatre le seul dans ce cas. Comme je suis autodidacte, j\u2019ai pass\u00e9 des heures enti\u00e8res sur Youtube pour grailler la moindre miette de conseils, trucs ou astuces.<\/p>\n\n\n\n<h2 class=\"wp-block-heading\">Conclusion<\/h2>\n\n\n\n<p>L\u2019inspiration c\u2019est beau, mais aller faire des photos c\u2019est mieux ! Je le dis souvent sur ce blog mais de toute mani\u00e8re vos 10 000 premi\u00e8res photos seront vos pires (Dixit Henri Cartier Bresson)<\/p>\n\n\n\n<p>J\u2019ai d\u00e9cid\u00e9 de mettre en avant 10 photographes, mais la liste des photographes c\u00e9l\u00e8bres est trop longue ! On aurait pu citer Doisneau (le fameux baiser de Paris\u2026), Robert Capa (photographe de guerre), Raymond Depardon, etc\u2026<\/p>\n\n\n\n<p>Est-ce que vous connaissez les photographes pr\u00e9sents dans la liste ? Que vous ont-ils apport\u00e9 dans votre pratique photo ? On en parle en bas dans les commentaires&nbsp;!<\/p>\n","protected":false},"excerpt":{"rendered":"<p>Comme tout bon photographe je passe mon temps \u00e0 admirer les \u0153uvres des plus grands.&nbsp;C\u2019est une source d\u2019inspiration sans limite. Je vous livre ici les photographes qui m\u2019ont le plus marqu\u00e9 ces derni\u00e8res ann\u00e9es. Introduction&nbsp;: photographe connu mais pas forc\u00e9ment c\u00e9l\u00e8bre&nbsp;! Il y a tellement de photographes connus qui m\u2019inspirent que j\u2019ai d\u00fb faire des choix pour en s\u00e9lectionner 10 et vous raconter un bout de leur histoire, mais surtout ce qu\u2019ils m\u2019apportent dans ma pratique ou dans leur approche. [&hellip;]<\/p>\n","protected":false},"author":1,"featured_media":155,"comment_status":"open","ping_status":"open","sticky":false,"template":"","format":"standard","meta":{"footnotes":""},"categories":[1],"tags":[],"class_list":["post-141","post","type-post","status-publish","format-standard","has-post-thumbnail","hentry","category-uncategorized"],"_links":{"self":[{"href":"https:\/\/gregoire-photographe.fr\/index.php?rest_route=\/wp\/v2\/posts\/141","targetHints":{"allow":["GET"]}}],"collection":[{"href":"https:\/\/gregoire-photographe.fr\/index.php?rest_route=\/wp\/v2\/posts"}],"about":[{"href":"https:\/\/gregoire-photographe.fr\/index.php?rest_route=\/wp\/v2\/types\/post"}],"author":[{"embeddable":true,"href":"https:\/\/gregoire-photographe.fr\/index.php?rest_route=\/wp\/v2\/users\/1"}],"replies":[{"embeddable":true,"href":"https:\/\/gregoire-photographe.fr\/index.php?rest_route=%2Fwp%2Fv2%2Fcomments&post=141"}],"version-history":[{"count":2,"href":"https:\/\/gregoire-photographe.fr\/index.php?rest_route=\/wp\/v2\/posts\/141\/revisions"}],"predecessor-version":[{"id":156,"href":"https:\/\/gregoire-photographe.fr\/index.php?rest_route=\/wp\/v2\/posts\/141\/revisions\/156"}],"wp:featuredmedia":[{"embeddable":true,"href":"https:\/\/gregoire-photographe.fr\/index.php?rest_route=\/wp\/v2\/media\/155"}],"wp:attachment":[{"href":"https:\/\/gregoire-photographe.fr\/index.php?rest_route=%2Fwp%2Fv2%2Fmedia&parent=141"}],"wp:term":[{"taxonomy":"category","embeddable":true,"href":"https:\/\/gregoire-photographe.fr\/index.php?rest_route=%2Fwp%2Fv2%2Fcategories&post=141"},{"taxonomy":"post_tag","embeddable":true,"href":"https:\/\/gregoire-photographe.fr\/index.php?rest_route=%2Fwp%2Fv2%2Ftags&post=141"}],"curies":[{"name":"wp","href":"https:\/\/api.w.org\/{rel}","templated":true}]}}